{"id":219,"date":"2022-03-01T10:53:56","date_gmt":"2022-03-01T10:53:56","guid":{"rendered":"http:\/\/larbomabrigo.org\/wfe\/?p=219"},"modified":"2022-03-01T10:53:57","modified_gmt":"2022-03-01T10:53:57","slug":"lara-lis-meireles","status":"publish","type":"post","link":"https:\/\/larbomabrigo.org\/wfe\/lara-lis-meireles\/","title":{"rendered":"Lara Lis Meireles"},"content":{"rendered":"\n<p>O lar bom abrigo foi minha casa, agrade\u00e7o a cada pessoa que por l\u00e1 passou e fez parte de minha vida, pois quando mais precisei, onde a situa\u00e7\u00e3o era dif\u00edcil, eu era pequena e incapaz de responder por mim, foram m\u00e3os estranhas que me acolheram com todo carinho, cada um fazendo sua parte na constitui\u00e7\u00e3o de minha personalidade e car\u00e1ter, sou muito grata e fico realmente triste quando vejo que algumas meninas se constrangerem ao falar que foram abrigadas, ou ainda demonstrarem-se revoltadas pelo fato. Enfim, n\u00e3o citarei nenhum nome pelo fato de que s\u00e3o muitas pessoas a quem sou grata, mas deixo aqui meu agradecimento de todo cora\u00e7\u00e3o. Muito Obrigada!<\/p>\n","protected":false},"excerpt":{"rendered":"<p>O lar bom abrigo foi minha casa, agrade\u00e7o a cada pessoa que por l\u00e1 passou e fez parte de minha vida, pois quando mais precisei, onde a situa\u00e7\u00e3o era dif\u00edcil, eu era pequena e incapaz de responder por mim, foram m\u00e3os estranhas que me acolheram com todo carinho, cada um fazendo sua parte na constitui\u00e7\u00e3o [&hellip;]<\/p>\n","protected":false},"author":1,"featured_media":220,"comment_status":"closed","ping_status":"closed","sticky":false,"template":"","format":"standard","meta":{"footnotes":""},"categories":[4],"tags":[],"class_list":["post-219","post","type-post","status-publish","format-standard","has-post-thumbnail","hentry","category-depoimentos"],"rttpg_featured_image_url":{"full":["https:\/\/larbomabrigo.org\/wfe\/wp-content\/uploads\/2022\/03\/lARA.jpg",237,343,false],"landscape":["https:\/\/larbomabrigo.org\/wfe\/wp-content\/uploads\/2022\/03\/lARA.jpg",237,343,false],"portraits":["https:\/\/larbomabrigo.org\/wfe\/wp-content\/uploads\/2022\/03\/lARA.jpg",237,343,false],"thumbnail":["https:\/\/larbomabrigo.org\/wfe\/wp-content\/uploads\/2022\/03\/lARA-237x300.jpg",237,300,true],"medium":["https:\/\/larbomabrigo.org\/wfe\/wp-content\/uploads\/2022\/03\/lARA.jpg",237,343,false],"large":["https:\/\/larbomabrigo.org\/wfe\/wp-content\/uploads\/2022\/03\/lARA.jpg",237,343,false],"rpg_gallery_admin_thumb":["https:\/\/larbomabrigo.org\/wfe\/wp-content\/uploads\/2022\/03\/lARA-150x150.jpg",150,150,true],"rpg_gallery_thumb":["https:\/\/larbomabrigo.org\/wfe\/wp-content\/uploads\/2022\/03\/lARA-150x150.jpg",150,150,true],"1536x1536":["https:\/\/larbomabrigo.org\/wfe\/wp-content\/uploads\/2022\/03\/lARA.jpg",237,343,false],"2048x2048":["https:\/\/larbomabrigo.org\/wfe\/wp-content\/uploads\/2022\/03\/lARA.jpg",237,343,false]},"rttpg_author":{"display_name":"larbom","author_link":"https:\/\/larbomabrigo.org\/wfe\/author\/larbom\/"},"rttpg_comment":0,"rttpg_category":"<a href=\"https:\/\/larbomabrigo.org\/wfe\/category\/depoimentos\/\" rel=\"category tag\">DEPOIMENTOS<\/a>","rttpg_excerpt":"O lar bom abrigo foi minha casa, agrade\u00e7o a cada pessoa que por l\u00e1 passou e fez parte de minha vida, pois quando mais precisei, onde a situa\u00e7\u00e3o era dif\u00edcil, eu era pequena e incapaz de responder por mim, foram m\u00e3os estranhas que me acolheram com todo carinho, cada um fazendo sua parte na constitui\u00e7\u00e3o&hellip;","_links":{"self":[{"href":"https:\/\/larbomabrigo.org\/wfe\/wp-json\/wp\/v2\/posts\/219","targetHints":{"allow":["GET"]}}],"collection":[{"href":"https:\/\/larbomabrigo.org\/wfe\/wp-json\/wp\/v2\/posts"}],"about":[{"href":"https:\/\/larbomabrigo.org\/wfe\/wp-json\/wp\/v2\/types\/post"}],"author":[{"embeddable":true,"href":"https:\/\/larbomabrigo.org\/wfe\/wp-json\/wp\/v2\/users\/1"}],"replies":[{"embeddable":true,"href":"https:\/\/larbomabrigo.org\/wfe\/wp-json\/wp\/v2\/comments?post=219"}],"version-history":[{"count":1,"href":"https:\/\/larbomabrigo.org\/wfe\/wp-json\/wp\/v2\/posts\/219\/revisions"}],"predecessor-version":[{"id":221,"href":"https:\/\/larbomabrigo.org\/wfe\/wp-json\/wp\/v2\/posts\/219\/revisions\/221"}],"wp:featuredmedia":[{"embeddable":true,"href":"https:\/\/larbomabrigo.org\/wfe\/wp-json\/wp\/v2\/media\/220"}],"wp:attachment":[{"href":"https:\/\/larbomabrigo.org\/wfe\/wp-json\/wp\/v2\/media?parent=219"}],"wp:term":[{"taxonomy":"category","embeddable":true,"href":"https:\/\/larbomabrigo.org\/wfe\/wp-json\/wp\/v2\/categories?post=219"},{"taxonomy":"post_tag","embeddable":true,"href":"https:\/\/larbomabrigo.org\/wfe\/wp-json\/wp\/v2\/tags?post=219"}],"curies":[{"name":"wp","href":"https:\/\/api.w.org\/{rel}","templated":true}]}}