{"id":209,"date":"2022-03-01T10:47:28","date_gmt":"2022-03-01T10:47:28","guid":{"rendered":"http:\/\/larbomabrigo.org\/wfe\/?p=209"},"modified":"2026-04-13T14:07:31","modified_gmt":"2026-04-13T14:07:31","slug":"geisy-rosa","status":"publish","type":"post","link":"https:\/\/larbomabrigo.org\/wfe\/geisy-rosa\/","title":{"rendered":"Geisy Rosa"},"content":{"rendered":"\n<p>Vou falar um pouco sobre a \u00e9poca que morei no Lar Bom Abrigo, foram muitos anos. Eu era uma crian\u00e7a muito revoltada por acontecimentos familiares, ap\u00f3s a acolhida no Lar, e os ensinamentos que l\u00e1 recebi, fui me transformando em uma pessoa agrad\u00e1vel e a conviv\u00eancia com as meninas foi me animando me deixando muito feliz. <\/p>\n\n\n\n<p>No tempo que estive no Lar eu aprendi muita coisa, t\u00ednhamos os cursos de culin\u00e1ria, artesanato, tarefas, brincadeiras, enfim, foi um aprendizado muito importante para minha vida pois l\u00e1 pude aprender a ser uma cidad\u00e3 com bons princ\u00edpios e hoje me considero uma \u00f3tima dona de casa, atrav\u00e9s dos ensinamentos que l\u00e1 recebi. Atualmente, com fam\u00edlia constitu\u00edda, juntamente com meu esposo frequentamos uma igreja evang\u00e9lica e estamos muito felizes. <\/p>\n\n\n\n<p>A quem estiver lendo este depoimento quero dizer que n\u00e3o deixe de ajudar o Lar, pois lembro que na \u00e9poca que eu estava acolhida eu ficava muito feliz quando chegava uma doa\u00e7\u00e3o para as meninas. Tenho muita coisa boa pra falar do Lar Bom Abrigo.<\/p>\n\n\n\n<p>Muito obrigada, hoje me sinto feliz e sei que o Lar contribuiu muito para que minha felicidade se concretizar.<\/p>\n","protected":false},"excerpt":{"rendered":"<p>Vou falar um pouco sobre a \u00e9poca que morei no Lar Bom Abrigo, foram muitos anos. Eu era uma crian\u00e7a muito revoltada por acontecimentos familiares, ap\u00f3s a acolhida no Lar, e os ensinamentos que l\u00e1 recebi, fui me transformando em uma pessoa agrad\u00e1vel e a conviv\u00eancia com as meninas foi me animando me deixando muito [&hellip;]<\/p>\n","protected":false},"author":1,"featured_media":210,"comment_status":"closed","ping_status":"closed","sticky":false,"template":"","format":"standard","meta":{"footnotes":""},"categories":[4],"tags":[],"class_list":["post-209","post","type-post","status-publish","format-standard","has-post-thumbnail","hentry","category-depoimentos"],"rttpg_featured_image_url":{"full":["https:\/\/larbomabrigo.org\/wfe\/wp-content\/uploads\/2022\/03\/rosaa.jpg",389,480,false],"landscape":["https:\/\/larbomabrigo.org\/wfe\/wp-content\/uploads\/2022\/03\/rosaa.jpg",389,480,false],"portraits":["https:\/\/larbomabrigo.org\/wfe\/wp-content\/uploads\/2022\/03\/rosaa.jpg",389,480,false],"thumbnail":["https:\/\/larbomabrigo.org\/wfe\/wp-content\/uploads\/2022\/03\/rosaa-300x300.jpg",300,300,true],"medium":["https:\/\/larbomabrigo.org\/wfe\/wp-content\/uploads\/2022\/03\/rosaa.jpg",389,480,false],"large":["https:\/\/larbomabrigo.org\/wfe\/wp-content\/uploads\/2022\/03\/rosaa.jpg",389,480,false],"rpg_gallery_admin_thumb":["https:\/\/larbomabrigo.org\/wfe\/wp-content\/uploads\/2022\/03\/rosaa-150x150.jpg",150,150,true],"rpg_gallery_thumb":["https:\/\/larbomabrigo.org\/wfe\/wp-content\/uploads\/2022\/03\/rosaa-150x150.jpg",150,150,true],"1536x1536":["https:\/\/larbomabrigo.org\/wfe\/wp-content\/uploads\/2022\/03\/rosaa.jpg",389,480,false],"2048x2048":["https:\/\/larbomabrigo.org\/wfe\/wp-content\/uploads\/2022\/03\/rosaa.jpg",389,480,false]},"rttpg_author":{"display_name":"larbom","author_link":"https:\/\/larbomabrigo.org\/wfe\/author\/larbom\/"},"rttpg_comment":0,"rttpg_category":"<a href=\"https:\/\/larbomabrigo.org\/wfe\/category\/depoimentos\/\" rel=\"category tag\">DEPOIMENTOS<\/a>","rttpg_excerpt":"Vou falar um pouco sobre a \u00e9poca que morei no Lar Bom Abrigo, foram muitos anos. Eu era uma crian\u00e7a muito revoltada por acontecimentos familiares, ap\u00f3s a acolhida no Lar, e os ensinamentos que l\u00e1 recebi, fui me transformando em uma pessoa agrad\u00e1vel e a conviv\u00eancia com as meninas foi me animando me deixando muito&hellip;","_links":{"self":[{"href":"https:\/\/larbomabrigo.org\/wfe\/wp-json\/wp\/v2\/posts\/209","targetHints":{"allow":["GET"]}}],"collection":[{"href":"https:\/\/larbomabrigo.org\/wfe\/wp-json\/wp\/v2\/posts"}],"about":[{"href":"https:\/\/larbomabrigo.org\/wfe\/wp-json\/wp\/v2\/types\/post"}],"author":[{"embeddable":true,"href":"https:\/\/larbomabrigo.org\/wfe\/wp-json\/wp\/v2\/users\/1"}],"replies":[{"embeddable":true,"href":"https:\/\/larbomabrigo.org\/wfe\/wp-json\/wp\/v2\/comments?post=209"}],"version-history":[{"count":2,"href":"https:\/\/larbomabrigo.org\/wfe\/wp-json\/wp\/v2\/posts\/209\/revisions"}],"predecessor-version":[{"id":212,"href":"https:\/\/larbomabrigo.org\/wfe\/wp-json\/wp\/v2\/posts\/209\/revisions\/212"}],"wp:featuredmedia":[{"embeddable":true,"href":"https:\/\/larbomabrigo.org\/wfe\/wp-json\/wp\/v2\/media\/210"}],"wp:attachment":[{"href":"https:\/\/larbomabrigo.org\/wfe\/wp-json\/wp\/v2\/media?parent=209"}],"wp:term":[{"taxonomy":"category","embeddable":true,"href":"https:\/\/larbomabrigo.org\/wfe\/wp-json\/wp\/v2\/categories?post=209"},{"taxonomy":"post_tag","embeddable":true,"href":"https:\/\/larbomabrigo.org\/wfe\/wp-json\/wp\/v2\/tags?post=209"}],"curies":[{"name":"wp","href":"https:\/\/api.w.org\/{rel}","templated":true}]}}